{"id":4360,"date":"2024-12-18T13:38:50","date_gmt":"2024-12-18T12:38:50","guid":{"rendered":"https:\/\/www.alessandrogiglio.com\/?p=4360"},"modified":"2024-12-18T17:47:37","modified_gmt":"2024-12-18T16:47:37","slug":"il-blazer-blu","status":"publish","type":"post","link":"https:\/\/www.alessandrogiglio.com\/it\/il-blazer-blu\/","title":{"rendered":"Il Blazer Blu"},"content":{"rendered":"\t\t<div data-elementor-type=\"wp-post\" data-elementor-id=\"4360\" class=\"elementor elementor-4360\" data-elementor-post-type=\"post\">\n\t\t\t\t\t\t<section class=\"elementor-section elementor-top-section elementor-element elementor-element-f8a6514 elementor-section-boxed elementor-section-height-default elementor-section-height-default\" data-id=\"f8a6514\" data-element_type=\"section\">\n\t\t\t\t\t\t<div class=\"elementor-container elementor-column-gap-default\">\n\t\t\t\t\t<div class=\"elementor-column elementor-col-100 elementor-top-column elementor-element elementor-element-c25929a\" data-id=\"c25929a\" data-element_type=\"column\">\n\t\t\t<div class=\"elementor-widget-wrap elementor-element-populated\">\n\t\t\t\t\t\t<div class=\"elementor-element elementor-element-f95617d elementor-widget elementor-widget-text-editor\" data-id=\"f95617d\" data-element_type=\"widget\" data-widget_type=\"text-editor.default\">\n\t\t\t\t<div class=\"elementor-widget-container\">\n\t\t\t\t\t\t\t\t\t<p>Il blazer blu \u00e8 un capo versatile ed essenziale del guardaroba, disponibile in vari modelli per soddisfare occasioni e gusti diversi. Ecco una descrizione delle sue diverse varianti:<\/p>\t\t\t\t\t\t\t\t<\/div>\n\t\t\t\t<\/div>\n\t\t\t\t<div class=\"elementor-element elementor-element-9937892 elementor-widget elementor-widget-text-editor\" data-id=\"9937892\" data-element_type=\"widget\" data-widget_type=\"text-editor.default\">\n\t\t\t\t<div class=\"elementor-widget-container\">\n\t\t\t\t\t\t\t\t\t<ol><li>Blazer classico in lana blu<\/li><\/ol><p>Questo capo senza tempo \u00e8 caratterizzato da un taglio sartoriale strutturato, un design monopetto e bottoni in ottone o corno. Perfetto per riunioni di lavoro o occasioni formali, la sua ricca tonalit\u00e0 navy si abbina bene a tutto, dai pantaloni grigi ai kaki, incarnando eleganza e tradizione.\u00a0<\/p>\t\t\t\t\t\t\t\t<\/div>\n\t\t\t\t<\/div>\n\t\t\t\t<div class=\"elementor-element elementor-element-334dfe1 elementor-widget elementor-widget-text-editor\" data-id=\"334dfe1\" data-element_type=\"widget\" data-widget_type=\"text-editor.default\">\n\t\t\t\t<div class=\"elementor-widget-container\">\n\t\t\t\t\t\t\t\t\t<ol start=\"2\"><li>Blazer doppiopetto blu<\/li><\/ol><p>Con una presenza imponente, questo blazer vanta un bavero pi\u00f9 ampio e pannelli frontali sovrapposti fissati da due colonne di bottoni. Spesso impreziosito da accenti metallici, emana raffinatezza nautica e si adatta perfettamente ad ambienti formali o semi-formali se abbinato a pantaloni sartoriali e scarpe eleganti.\u00a0<\/p>\t\t\t\t\t\t\t\t<\/div>\n\t\t\t\t<\/div>\n\t\t\t\t<div class=\"elementor-element elementor-element-2dd6633 elementor-widget elementor-widget-image\" data-id=\"2dd6633\" data-element_type=\"widget\" data-widget_type=\"image.default\">\n\t\t\t\t<div class=\"elementor-widget-container\">\n\t\t\t\t\t\t\t\t\t\t\t\t\t\t\t<img fetchpriority=\"high\" decoding=\"async\" width=\"683\" height=\"1024\" src=\"https:\/\/www.alessandrogiglio.com\/wp-content\/uploads\/13112023-5L8A7949-copy-683x1024.jpg\" class=\"attachment-large size-large wp-image-4367\" alt=\"\" srcset=\"https:\/\/www.alessandrogiglio.com\/wp-content\/uploads\/13112023-5L8A7949-copy-683x1024.jpg 683w, https:\/\/www.alessandrogiglio.com\/wp-content\/uploads\/13112023-5L8A7949-copy-333x500.jpg 333w, https:\/\/www.alessandrogiglio.com\/wp-content\/uploads\/13112023-5L8A7949-copy-768x1152.jpg 768w, https:\/\/www.alessandrogiglio.com\/wp-content\/uploads\/13112023-5L8A7949-copy-1024x1536.jpg 1024w, https:\/\/www.alessandrogiglio.com\/wp-content\/uploads\/13112023-5L8A7949-copy-1365x2048.jpg 1365w, https:\/\/www.alessandrogiglio.com\/wp-content\/uploads\/13112023-5L8A7949-copy-scaled.jpg 1706w\" sizes=\"(max-width: 683px) 100vw, 683px\" \/>\t\t\t\t\t\t\t\t\t\t\t\t\t\t\t<\/div>\n\t\t\t\t<\/div>\n\t\t\t\t\t<\/div>\n\t\t<\/div>\n\t\t\t\t\t<\/div>\n\t\t<\/section>\n\t\t\t\t<section class=\"elementor-section elementor-top-section elementor-element elementor-element-95f906c elementor-section-boxed elementor-section-height-default elementor-section-height-default\" data-id=\"95f906c\" data-element_type=\"section\">\n\t\t\t\t\t\t<div class=\"elementor-container elementor-column-gap-default\">\n\t\t\t\t\t<div class=\"elementor-column elementor-col-100 elementor-top-column elementor-element elementor-element-9b4682d\" data-id=\"9b4682d\" data-element_type=\"column\">\n\t\t\t<div class=\"elementor-widget-wrap elementor-element-populated\">\n\t\t\t\t\t\t<div class=\"elementor-element elementor-element-ab5ffba elementor-widget elementor-widget-text-editor\" data-id=\"ab5ffba\" data-element_type=\"widget\" data-widget_type=\"text-editor.default\">\n\t\t\t\t<div class=\"elementor-widget-container\">\n\t\t\t\t\t\t\t\t\t<ol start=\"3\"><li>Blazer destrutturato in lino blu<\/li><\/ol><p>Leggero e arioso, questa variante \u00e8 realizzata senza imbottiture o fodere pesanti e offre una silhouette rilassata. Ideale per matrimoni estivi o eventi in riva al mare, la sua texture naturale conferisce un&#8217;eleganza casual, soprattutto se abbinato a pantaloni chino bianchi o pastello.\u00a0<\/p>\t\t\t\t\t\t\t\t<\/div>\n\t\t\t\t<\/div>\n\t\t\t\t<div class=\"elementor-element elementor-element-b1bd92a elementor-widget elementor-widget-text-editor\" data-id=\"b1bd92a\" data-element_type=\"widget\" data-widget_type=\"text-editor.default\">\n\t\t\t\t<div class=\"elementor-widget-container\">\n\t\t\t\t\t\t\t\t\t<ol start=\"4\">\n<li>Blazer blu di velluto<\/li>\n<\/ol>\n<p>Scelta lussuosa per la sera, il blazer blu di velluto \u00e8 morbido al tatto e aggiunge un tocco di glamour. Spesso con revers in raso e una tonalit\u00e0 cobalto o blu notte, risplende in ambienti dove \u00e8 richiesta la cravatta nera, indossato sopra una camicia plisettata e abbinato a pantaloni da smoking.&nbsp;<\/p>\t\t\t\t\t\t\t\t<\/div>\n\t\t\t\t<\/div>\n\t\t\t\t<div class=\"elementor-element elementor-element-7b822bd elementor-widget elementor-widget-text-editor\" data-id=\"7b822bd\" data-element_type=\"widget\" data-widget_type=\"text-editor.default\">\n\t\t\t\t<div class=\"elementor-widget-container\">\n\t\t\t\t\t\t\t\t\t<ol start=\"5\"><li>Blazer casual in cotone blu<\/li><\/ol><p>Progettato per il comfort, questo blazer combina la sensazione rilassata di un cardigan con la raffinatezza di una giacca sartoriale. Perfetto per le uscite smart-casual, \u00e8 caratterizzato da tessuti pi\u00f9 morbidi e interni sfoderati e si abbina perfettamente a jeans o chino per un look elegante ma rilassato.\u00a0<\/p>\t\t\t\t\t\t\t\t<\/div>\n\t\t\t\t<\/div>\n\t\t\t\t<div class=\"elementor-element elementor-element-b60d969 elementor-widget elementor-widget-text-editor\" data-id=\"b60d969\" data-element_type=\"widget\" data-widget_type=\"text-editor.default\">\n\t\t\t\t<div class=\"elementor-widget-container\">\n\t\t\t\t\t\t\t\t\t<ol start=\"6\"><li>Blazer blu a fantasia o con texture<\/li><\/ol><p>Per chi cerca la variet\u00e0, le fantasie a quadri, o a spina di pesce aggiungono personalit\u00e0 al classico blazer blu. Questi dettagli ne aumentano la versatilit\u00e0, rendendolo una scelta ideale sia per l&#8217;ufficio che per gli incontri sociali.\u00a0<\/p>\t\t\t\t\t\t\t\t<\/div>\n\t\t\t\t<\/div>\n\t\t\t\t\t<\/div>\n\t\t<\/div>\n\t\t\t\t\t<\/div>\n\t\t<\/section>\n\t\t\t\t<section class=\"elementor-section elementor-top-section elementor-element elementor-element-7406636 elementor-section-boxed elementor-section-height-default elementor-section-height-default\" data-id=\"7406636\" data-element_type=\"section\">\n\t\t\t\t\t\t<div class=\"elementor-container elementor-column-gap-default\">\n\t\t\t\t\t<div class=\"elementor-column elementor-col-100 elementor-top-column elementor-element elementor-element-2b7b18a\" data-id=\"2b7b18a\" data-element_type=\"column\">\n\t\t\t<div class=\"elementor-widget-wrap elementor-element-populated\">\n\t\t\t\t\t\t<div class=\"elementor-element elementor-element-bc02986 elementor-widget elementor-widget-image\" data-id=\"bc02986\" data-element_type=\"widget\" data-widget_type=\"image.default\">\n\t\t\t\t<div class=\"elementor-widget-container\">\n\t\t\t\t\t\t\t\t\t\t\t\t\t\t\t<img decoding=\"async\" width=\"683\" height=\"1024\" src=\"https:\/\/www.alessandrogiglio.com\/wp-content\/uploads\/13112023-5L8A7936-copy-683x1024.jpg\" class=\"attachment-large size-large wp-image-4363\" alt=\"\" srcset=\"https:\/\/www.alessandrogiglio.com\/wp-content\/uploads\/13112023-5L8A7936-copy-683x1024.jpg 683w, https:\/\/www.alessandrogiglio.com\/wp-content\/uploads\/13112023-5L8A7936-copy-333x500.jpg 333w, https:\/\/www.alessandrogiglio.com\/wp-content\/uploads\/13112023-5L8A7936-copy-768x1152.jpg 768w, https:\/\/www.alessandrogiglio.com\/wp-content\/uploads\/13112023-5L8A7936-copy-1024x1536.jpg 1024w, https:\/\/www.alessandrogiglio.com\/wp-content\/uploads\/13112023-5L8A7936-copy-1365x2048.jpg 1365w, https:\/\/www.alessandrogiglio.com\/wp-content\/uploads\/13112023-5L8A7936-copy-scaled.jpg 1706w\" sizes=\"(max-width: 683px) 100vw, 683px\" \/>\t\t\t\t\t\t\t\t\t\t\t\t\t\t\t<\/div>\n\t\t\t\t<\/div>\n\t\t\t\t\t<\/div>\n\t\t<\/div>\n\t\t\t\t\t<\/div>\n\t\t<\/section>\n\t\t\t\t<\/div>\n\t\t","protected":false},"excerpt":{"rendered":"<p>Il blazer blu \u00e8 un capo versatile ed essenziale del guardaroba, disponibile in vari modelli per soddisfare occasioni e gusti diversi. Ecco una descrizione delle sue diverse varianti: Blazer classico in lana blu Questo capo senza tempo \u00e8 caratterizzato da un taglio sartoriale strutturato, un design monopetto e bottoni in ottone o corno. Perfetto per [&hellip;]<\/p>\n","protected":false},"author":4,"featured_media":4400,"comment_status":"open","ping_status":"open","sticky":false,"template":"","format":"standard","meta":{"footnotes":""},"categories":[6],"tags":[31,37,34,35],"class_list":["post-4360","post","type-post","status-publish","format-standard","has-post-thumbnail","hentry","category-non-categorizzato","tag-alessandro-giglio","tag-alessandro-giglio-bespoke","tag-il-cappotto-ulster","tag-sartoria-su-misura"],"acf":[],"yoast_head":"<!-- This site is optimized with the Yoast SEO plugin v26.2 - https:\/\/yoast.com\/wordpress\/plugins\/seo\/ -->\n<title>Il Blazer Blu | Alessandro Giglio<\/title>\n<meta name=\"description\" content=\"Il blazer blu \u00e8 un capo versatile ed essenziale del guardaroba, disponibile in vari modelli per soddisfare occasioni e gusti diversi. Ecco una descrizione delle sue diverse varianti:\" \/>\n<meta name=\"robots\" content=\"index, follow, max-snippet:-1, max-image-preview:large, max-video-preview:-1\" \/>\n<link rel=\"canonical\" href=\"https:\/\/www.alessandrogiglio.com\/it\/il-blazer-blu\/\" \/>\n<meta property=\"og:locale\" content=\"it_IT\" \/>\n<meta property=\"og:type\" content=\"article\" \/>\n<meta property=\"og:title\" content=\"Il Blazer Blu | Alessandro Giglio\" \/>\n<meta property=\"og:description\" content=\"Il blazer blu \u00e8 un capo versatile ed essenziale del guardaroba, disponibile in vari modelli per soddisfare occasioni e gusti diversi. Ecco una descrizione delle sue diverse varianti:\" \/>\n<meta property=\"og:url\" content=\"https:\/\/www.alessandrogiglio.com\/it\/il-blazer-blu\/\" \/>\n<meta property=\"og:site_name\" content=\"Alessandro Giglio\" \/>\n<meta property=\"article:published_time\" content=\"2024-12-18T12:38:50+00:00\" \/>\n<meta property=\"article:modified_time\" content=\"2024-12-18T16:47:37+00:00\" \/>\n<meta property=\"og:image\" content=\"https:\/\/www.alessandrogiglio.com\/wp-content\/uploads\/13112023-5L8A7947-scaled.jpg\" \/>\n\t<meta property=\"og:image:width\" content=\"2560\" \/>\n\t<meta property=\"og:image:height\" content=\"1706\" \/>\n\t<meta property=\"og:image:type\" content=\"image\/jpeg\" \/>\n<meta name=\"author\" content=\"alessandro\" \/>\n<meta name=\"twitter:card\" content=\"summary_large_image\" \/>\n<meta name=\"twitter:label1\" content=\"Scritto da\" \/>\n\t<meta name=\"twitter:data1\" content=\"alessandro\" \/>\n\t<meta name=\"twitter:label2\" content=\"Tempo di lettura stimato\" \/>\n\t<meta name=\"twitter:data2\" content=\"2 minuti\" \/>\n<script type=\"application\/ld+json\" class=\"yoast-schema-graph\">{\"@context\":\"https:\/\/schema.org\",\"@graph\":[{\"@type\":\"Article\",\"@id\":\"https:\/\/www.alessandrogiglio.com\/it\/il-blazer-blu\/#article\",\"isPartOf\":{\"@id\":\"https:\/\/www.alessandrogiglio.com\/it\/il-blazer-blu\/\"},\"author\":{\"name\":\"alessandro\",\"@id\":\"https:\/\/www.alessandrogiglio.com\/it\/#\/schema\/person\/da13a5d6fc026032acb917dd0b0a2b5b\"},\"headline\":\"Il Blazer Blu\",\"datePublished\":\"2024-12-18T12:38:50+00:00\",\"dateModified\":\"2024-12-18T16:47:37+00:00\",\"mainEntityOfPage\":{\"@id\":\"https:\/\/www.alessandrogiglio.com\/it\/il-blazer-blu\/\"},\"wordCount\":331,\"commentCount\":0,\"publisher\":{\"@id\":\"https:\/\/www.alessandrogiglio.com\/it\/#organization\"},\"image\":{\"@id\":\"https:\/\/www.alessandrogiglio.com\/it\/il-blazer-blu\/#primaryimage\"},\"thumbnailUrl\":\"https:\/\/www.alessandrogiglio.com\/wp-content\/uploads\/13112023-5L8A7947-scaled.jpg\",\"keywords\":[\"alessandro giglio\",\"alessandro giglio bespoke\",\"il cappotto ulster\",\"sartoria su misura\"],\"articleSection\":[\"Non categorizzato\"],\"inLanguage\":\"it-IT\",\"potentialAction\":[{\"@type\":\"CommentAction\",\"name\":\"Comment\",\"target\":[\"https:\/\/www.alessandrogiglio.com\/it\/il-blazer-blu\/#respond\"]}]},{\"@type\":\"WebPage\",\"@id\":\"https:\/\/www.alessandrogiglio.com\/it\/il-blazer-blu\/\",\"url\":\"https:\/\/www.alessandrogiglio.com\/it\/il-blazer-blu\/\",\"name\":\"Il Blazer Blu | Alessandro Giglio\",\"isPartOf\":{\"@id\":\"https:\/\/www.alessandrogiglio.com\/it\/#website\"},\"primaryImageOfPage\":{\"@id\":\"https:\/\/www.alessandrogiglio.com\/it\/il-blazer-blu\/#primaryimage\"},\"image\":{\"@id\":\"https:\/\/www.alessandrogiglio.com\/it\/il-blazer-blu\/#primaryimage\"},\"thumbnailUrl\":\"https:\/\/www.alessandrogiglio.com\/wp-content\/uploads\/13112023-5L8A7947-scaled.jpg\",\"datePublished\":\"2024-12-18T12:38:50+00:00\",\"dateModified\":\"2024-12-18T16:47:37+00:00\",\"description\":\"Il blazer blu \u00e8 un capo versatile ed essenziale del guardaroba, disponibile in vari modelli per soddisfare occasioni e gusti diversi. Ecco una descrizione delle sue diverse varianti:\",\"breadcrumb\":{\"@id\":\"https:\/\/www.alessandrogiglio.com\/it\/il-blazer-blu\/#breadcrumb\"},\"inLanguage\":\"it-IT\",\"potentialAction\":[{\"@type\":\"ReadAction\",\"target\":[\"https:\/\/www.alessandrogiglio.com\/it\/il-blazer-blu\/\"]}]},{\"@type\":\"ImageObject\",\"inLanguage\":\"it-IT\",\"@id\":\"https:\/\/www.alessandrogiglio.com\/it\/il-blazer-blu\/#primaryimage\",\"url\":\"https:\/\/www.alessandrogiglio.com\/wp-content\/uploads\/13112023-5L8A7947-scaled.jpg\",\"contentUrl\":\"https:\/\/www.alessandrogiglio.com\/wp-content\/uploads\/13112023-5L8A7947-scaled.jpg\",\"width\":2560,\"height\":1706},{\"@type\":\"BreadcrumbList\",\"@id\":\"https:\/\/www.alessandrogiglio.com\/it\/il-blazer-blu\/#breadcrumb\",\"itemListElement\":[{\"@type\":\"ListItem\",\"position\":1,\"name\":\"Portada\",\"item\":\"https:\/\/www.alessandrogiglio.com\/it\/\"},{\"@type\":\"ListItem\",\"position\":2,\"name\":\"Il Blazer Blu\"}]},{\"@type\":\"WebSite\",\"@id\":\"https:\/\/www.alessandrogiglio.com\/it\/#website\",\"url\":\"https:\/\/www.alessandrogiglio.com\/it\/\",\"name\":\"Alessandro Giglio\",\"description\":\"\",\"publisher\":{\"@id\":\"https:\/\/www.alessandrogiglio.com\/it\/#organization\"},\"alternateName\":\"Alessandro Giglio Bespoke\",\"potentialAction\":[{\"@type\":\"SearchAction\",\"target\":{\"@type\":\"EntryPoint\",\"urlTemplate\":\"https:\/\/www.alessandrogiglio.com\/it\/?s={search_term_string}\"},\"query-input\":{\"@type\":\"PropertyValueSpecification\",\"valueRequired\":true,\"valueName\":\"search_term_string\"}}],\"inLanguage\":\"it-IT\"},{\"@type\":\"Organization\",\"@id\":\"https:\/\/www.alessandrogiglio.com\/it\/#organization\",\"name\":\"Alessandro Giglio\",\"url\":\"https:\/\/www.alessandrogiglio.com\/it\/\",\"logo\":{\"@type\":\"ImageObject\",\"inLanguage\":\"it-IT\",\"@id\":\"https:\/\/www.alessandrogiglio.com\/it\/#\/schema\/logo\/image\/\",\"url\":\"https:\/\/www.alessandrogiglio.com\/wp-content\/uploads\/website-logo-AG.png\",\"contentUrl\":\"https:\/\/www.alessandrogiglio.com\/wp-content\/uploads\/website-logo-AG.png\",\"width\":4167,\"height\":355,\"caption\":\"Alessandro Giglio\"},\"image\":{\"@id\":\"https:\/\/www.alessandrogiglio.com\/it\/#\/schema\/logo\/image\/\"}},{\"@type\":\"Person\",\"@id\":\"https:\/\/www.alessandrogiglio.com\/it\/#\/schema\/person\/da13a5d6fc026032acb917dd0b0a2b5b\",\"name\":\"alessandro\",\"image\":{\"@type\":\"ImageObject\",\"inLanguage\":\"it-IT\",\"@id\":\"https:\/\/www.alessandrogiglio.com\/it\/#\/schema\/person\/image\/\",\"url\":\"https:\/\/secure.gravatar.com\/avatar\/e9c7193fe8f5927b3e9653a281199fc0f05b281aef68e470950ff96dccd8edbf?s=96&d=mm&r=g\",\"contentUrl\":\"https:\/\/secure.gravatar.com\/avatar\/e9c7193fe8f5927b3e9653a281199fc0f05b281aef68e470950ff96dccd8edbf?s=96&d=mm&r=g\",\"caption\":\"alessandro\"}}]}<\/script>\n<!-- \/ Yoast SEO plugin. -->","yoast_head_json":{"title":"Il Blazer Blu | Alessandro Giglio","description":"Il blazer blu \u00e8 un capo versatile ed essenziale del guardaroba, disponibile in vari modelli per soddisfare occasioni e gusti diversi. Ecco una descrizione delle sue diverse varianti:","robots":{"index":"index","follow":"follow","max-snippet":"max-snippet:-1","max-image-preview":"max-image-preview:large","max-video-preview":"max-video-preview:-1"},"canonical":"https:\/\/www.alessandrogiglio.com\/it\/il-blazer-blu\/","og_locale":"it_IT","og_type":"article","og_title":"Il Blazer Blu | Alessandro Giglio","og_description":"Il blazer blu \u00e8 un capo versatile ed essenziale del guardaroba, disponibile in vari modelli per soddisfare occasioni e gusti diversi. Ecco una descrizione delle sue diverse varianti:","og_url":"https:\/\/www.alessandrogiglio.com\/it\/il-blazer-blu\/","og_site_name":"Alessandro Giglio","article_published_time":"2024-12-18T12:38:50+00:00","article_modified_time":"2024-12-18T16:47:37+00:00","og_image":[{"width":2560,"height":1706,"url":"https:\/\/www.alessandrogiglio.com\/wp-content\/uploads\/13112023-5L8A7947-scaled.jpg","type":"image\/jpeg"}],"author":"alessandro","twitter_card":"summary_large_image","twitter_misc":{"Scritto da":"alessandro","Tempo di lettura stimato":"2 minuti"},"schema":{"@context":"https:\/\/schema.org","@graph":[{"@type":"Article","@id":"https:\/\/www.alessandrogiglio.com\/it\/il-blazer-blu\/#article","isPartOf":{"@id":"https:\/\/www.alessandrogiglio.com\/it\/il-blazer-blu\/"},"author":{"name":"alessandro","@id":"https:\/\/www.alessandrogiglio.com\/it\/#\/schema\/person\/da13a5d6fc026032acb917dd0b0a2b5b"},"headline":"Il Blazer Blu","datePublished":"2024-12-18T12:38:50+00:00","dateModified":"2024-12-18T16:47:37+00:00","mainEntityOfPage":{"@id":"https:\/\/www.alessandrogiglio.com\/it\/il-blazer-blu\/"},"wordCount":331,"commentCount":0,"publisher":{"@id":"https:\/\/www.alessandrogiglio.com\/it\/#organization"},"image":{"@id":"https:\/\/www.alessandrogiglio.com\/it\/il-blazer-blu\/#primaryimage"},"thumbnailUrl":"https:\/\/www.alessandrogiglio.com\/wp-content\/uploads\/13112023-5L8A7947-scaled.jpg","keywords":["alessandro giglio","alessandro giglio bespoke","il cappotto ulster","sartoria su misura"],"articleSection":["Non categorizzato"],"inLanguage":"it-IT","potentialAction":[{"@type":"CommentAction","name":"Comment","target":["https:\/\/www.alessandrogiglio.com\/it\/il-blazer-blu\/#respond"]}]},{"@type":"WebPage","@id":"https:\/\/www.alessandrogiglio.com\/it\/il-blazer-blu\/","url":"https:\/\/www.alessandrogiglio.com\/it\/il-blazer-blu\/","name":"Il Blazer Blu | Alessandro Giglio","isPartOf":{"@id":"https:\/\/www.alessandrogiglio.com\/it\/#website"},"primaryImageOfPage":{"@id":"https:\/\/www.alessandrogiglio.com\/it\/il-blazer-blu\/#primaryimage"},"image":{"@id":"https:\/\/www.alessandrogiglio.com\/it\/il-blazer-blu\/#primaryimage"},"thumbnailUrl":"https:\/\/www.alessandrogiglio.com\/wp-content\/uploads\/13112023-5L8A7947-scaled.jpg","datePublished":"2024-12-18T12:38:50+00:00","dateModified":"2024-12-18T16:47:37+00:00","description":"Il blazer blu \u00e8 un capo versatile ed essenziale del guardaroba, disponibile in vari modelli per soddisfare occasioni e gusti diversi. Ecco una descrizione delle sue diverse varianti:","breadcrumb":{"@id":"https:\/\/www.alessandrogiglio.com\/it\/il-blazer-blu\/#breadcrumb"},"inLanguage":"it-IT","potentialAction":[{"@type":"ReadAction","target":["https:\/\/www.alessandrogiglio.com\/it\/il-blazer-blu\/"]}]},{"@type":"ImageObject","inLanguage":"it-IT","@id":"https:\/\/www.alessandrogiglio.com\/it\/il-blazer-blu\/#primaryimage","url":"https:\/\/www.alessandrogiglio.com\/wp-content\/uploads\/13112023-5L8A7947-scaled.jpg","contentUrl":"https:\/\/www.alessandrogiglio.com\/wp-content\/uploads\/13112023-5L8A7947-scaled.jpg","width":2560,"height":1706},{"@type":"BreadcrumbList","@id":"https:\/\/www.alessandrogiglio.com\/it\/il-blazer-blu\/#breadcrumb","itemListElement":[{"@type":"ListItem","position":1,"name":"Portada","item":"https:\/\/www.alessandrogiglio.com\/it\/"},{"@type":"ListItem","position":2,"name":"Il Blazer Blu"}]},{"@type":"WebSite","@id":"https:\/\/www.alessandrogiglio.com\/it\/#website","url":"https:\/\/www.alessandrogiglio.com\/it\/","name":"Alessandro Giglio","description":"","publisher":{"@id":"https:\/\/www.alessandrogiglio.com\/it\/#organization"},"alternateName":"Alessandro Giglio Bespoke","potentialAction":[{"@type":"SearchAction","target":{"@type":"EntryPoint","urlTemplate":"https:\/\/www.alessandrogiglio.com\/it\/?s={search_term_string}"},"query-input":{"@type":"PropertyValueSpecification","valueRequired":true,"valueName":"search_term_string"}}],"inLanguage":"it-IT"},{"@type":"Organization","@id":"https:\/\/www.alessandrogiglio.com\/it\/#organization","name":"Alessandro Giglio","url":"https:\/\/www.alessandrogiglio.com\/it\/","logo":{"@type":"ImageObject","inLanguage":"it-IT","@id":"https:\/\/www.alessandrogiglio.com\/it\/#\/schema\/logo\/image\/","url":"https:\/\/www.alessandrogiglio.com\/wp-content\/uploads\/website-logo-AG.png","contentUrl":"https:\/\/www.alessandrogiglio.com\/wp-content\/uploads\/website-logo-AG.png","width":4167,"height":355,"caption":"Alessandro Giglio"},"image":{"@id":"https:\/\/www.alessandrogiglio.com\/it\/#\/schema\/logo\/image\/"}},{"@type":"Person","@id":"https:\/\/www.alessandrogiglio.com\/it\/#\/schema\/person\/da13a5d6fc026032acb917dd0b0a2b5b","name":"alessandro","image":{"@type":"ImageObject","inLanguage":"it-IT","@id":"https:\/\/www.alessandrogiglio.com\/it\/#\/schema\/person\/image\/","url":"https:\/\/secure.gravatar.com\/avatar\/e9c7193fe8f5927b3e9653a281199fc0f05b281aef68e470950ff96dccd8edbf?s=96&d=mm&r=g","contentUrl":"https:\/\/secure.gravatar.com\/avatar\/e9c7193fe8f5927b3e9653a281199fc0f05b281aef68e470950ff96dccd8edbf?s=96&d=mm&r=g","caption":"alessandro"}}]}},"_links":{"self":[{"href":"https:\/\/www.alessandrogiglio.com\/it\/wp-json\/wp\/v2\/posts\/4360","targetHints":{"allow":["GET"]}}],"collection":[{"href":"https:\/\/www.alessandrogiglio.com\/it\/wp-json\/wp\/v2\/posts"}],"about":[{"href":"https:\/\/www.alessandrogiglio.com\/it\/wp-json\/wp\/v2\/types\/post"}],"author":[{"embeddable":true,"href":"https:\/\/www.alessandrogiglio.com\/it\/wp-json\/wp\/v2\/users\/4"}],"replies":[{"embeddable":true,"href":"https:\/\/www.alessandrogiglio.com\/it\/wp-json\/wp\/v2\/comments?post=4360"}],"version-history":[{"count":4,"href":"https:\/\/www.alessandrogiglio.com\/it\/wp-json\/wp\/v2\/posts\/4360\/revisions"}],"predecessor-version":[{"id":4372,"href":"https:\/\/www.alessandrogiglio.com\/it\/wp-json\/wp\/v2\/posts\/4360\/revisions\/4372"}],"wp:featuredmedia":[{"embeddable":true,"href":"https:\/\/www.alessandrogiglio.com\/it\/wp-json\/wp\/v2\/media\/4400"}],"wp:attachment":[{"href":"https:\/\/www.alessandrogiglio.com\/it\/wp-json\/wp\/v2\/media?parent=4360"}],"wp:term":[{"taxonomy":"category","embeddable":true,"href":"https:\/\/www.alessandrogiglio.com\/it\/wp-json\/wp\/v2\/categories?post=4360"},{"taxonomy":"post_tag","embeddable":true,"href":"https:\/\/www.alessandrogiglio.com\/it\/wp-json\/wp\/v2\/tags?post=4360"}],"curies":[{"name":"wp","href":"https:\/\/api.w.org\/{rel}","templated":true}]}}