{"id":4422,"date":"2025-01-15T14:04:57","date_gmt":"2025-01-15T13:04:57","guid":{"rendered":"https:\/\/www.alessandrogiglio.com\/?p=4422"},"modified":"2025-01-15T14:09:59","modified_gmt":"2025-01-15T13:09:59","slug":"la-manera-de-vestir-apropiadoa","status":"publish","type":"post","link":"https:\/\/www.alessandrogiglio.com\/es\/la-manera-de-vestir-apropiadoa\/","title":{"rendered":"La Manera de Vestir Apropiadoa"},"content":{"rendered":"\t\t<div data-elementor-type=\"wp-post\" data-elementor-id=\"4422\" class=\"elementor elementor-4422 elementor-4420\" data-elementor-post-type=\"post\">\n\t\t\t\t\t\t<section class=\"elementor-section elementor-top-section elementor-element elementor-element-0b48aec elementor-section-boxed elementor-section-height-default elementor-section-height-default\" data-id=\"0b48aec\" data-element_type=\"section\">\n\t\t\t\t\t\t<div class=\"elementor-container elementor-column-gap-default\">\n\t\t\t\t\t<div class=\"elementor-column elementor-col-100 elementor-top-column elementor-element elementor-element-1735496\" data-id=\"1735496\" data-element_type=\"column\">\n\t\t\t<div class=\"elementor-widget-wrap elementor-element-populated\">\n\t\t\t\t\t\t<div class=\"elementor-element elementor-element-0d23561 elementor-widget elementor-widget-text-editor\" data-id=\"0d23561\" data-element_type=\"widget\" data-widget_type=\"text-editor.default\">\n\t\t\t\t<div class=\"elementor-widget-container\">\n\t\t\t\t\t\t\t\t\t<p>La manera de vestir apropiadoa para un hombre puede variar en funci\u00f3n de la ocasi\u00f3n, pero aqu\u00ed tienes una descripci\u00f3n detallada de los distintos estilos:<\/p>\t\t\t\t\t\t\t\t<\/div>\n\t\t\t\t<\/div>\n\t\t\t\t<div class=\"elementor-element elementor-element-ecf2d61 elementor-widget elementor-widget-text-editor\" data-id=\"ecf2d61\" data-element_type=\"widget\" data-widget_type=\"text-editor.default\">\n\t\t\t\t<div class=\"elementor-widget-container\">\n\t\t\t\t\t\t\t\t\t<ol><li>Traje formal:<\/li><\/ol><p>Para los actos formales, como las ocasiones de etiqueta o de corbata blanca. El hombre debe llevar un esmoquin negro, con solapa de pico o chal de raso, acomp\u00e1\u00f1elo con una camisa de vestir blanca, una pajarita negra y zapatos de charol negros. Para los actos de corbata blanca, el atuendo incluye un frac negro, un chaleco blanco y una pajarita blanca, con pantalones negros y zapatos negros formales. Este dress code enfatiza la elegancia y la sofisticaci\u00f3n.<\/p>\t\t\t\t\t\t\t\t<\/div>\n\t\t\t\t<\/div>\n\t\t\t\t<div class=\"elementor-element elementor-element-7f2500e elementor-widget elementor-widget-text-editor\" data-id=\"7f2500e\" data-element_type=\"widget\" data-widget_type=\"text-editor.default\">\n\t\t\t\t<div class=\"elementor-widget-container\">\n\t\t\t\t\t\t\t\t\t<ol start=\"2\"><li>Traje de negocios:<\/li><\/ol><p>En un entorno de negocios, es esencial un traje a medida, preferiblemente en colores neutros como el azul marino o el gris. Combine el traje con una camisa de vestir clara y una corbata conservadora, asegur\u00e1ndose de que los colores combinan bien. Los zapatos de vestir, normalmente de cuero negro o marr\u00f3n, deben estar lustrados. Este atuendo proyecta profesionalidad y autoridad, por lo que es adecuado para reuniones, conferencias o eventos corporativos.<\/p>\t\t\t\t\t\t\t\t<\/div>\n\t\t\t\t<\/div>\n\t\t\t\t\t<\/div>\n\t\t<\/div>\n\t\t\t\t\t<\/div>\n\t\t<\/section>\n\t\t\t\t<section class=\"elementor-section elementor-top-section elementor-element elementor-element-c2d356b elementor-section-boxed elementor-section-height-default elementor-section-height-default\" data-id=\"c2d356b\" data-element_type=\"section\">\n\t\t\t\t\t\t<div class=\"elementor-container elementor-column-gap-default\">\n\t\t\t\t\t<div class=\"elementor-column elementor-col-100 elementor-top-column elementor-element elementor-element-b56deb0\" data-id=\"b56deb0\" data-element_type=\"column\">\n\t\t\t<div class=\"elementor-widget-wrap elementor-element-populated\">\n\t\t\t\t\t\t<div class=\"elementor-element elementor-element-60e6069 elementor-widget elementor-widget-image\" data-id=\"60e6069\" data-element_type=\"widget\" data-widget_type=\"image.default\">\n\t\t\t\t<div class=\"elementor-widget-container\">\n\t\t\t\t\t\t\t\t\t\t\t\t\t\t\t<img fetchpriority=\"high\" decoding=\"async\" width=\"800\" height=\"534\" src=\"https:\/\/www.alessandrogiglio.com\/wp-content\/uploads\/BZ0A8342-1024x683.jpg\" class=\"attachment-large size-large wp-image-4434\" alt=\"\" srcset=\"https:\/\/www.alessandrogiglio.com\/wp-content\/uploads\/BZ0A8342-1024x683.jpg 1024w, https:\/\/www.alessandrogiglio.com\/wp-content\/uploads\/BZ0A8342-500x333.jpg 500w, https:\/\/www.alessandrogiglio.com\/wp-content\/uploads\/BZ0A8342-768x512.jpg 768w, https:\/\/www.alessandrogiglio.com\/wp-content\/uploads\/BZ0A8342-1536x1024.jpg 1536w, https:\/\/www.alessandrogiglio.com\/wp-content\/uploads\/BZ0A8342-2048x1365.jpg 2048w\" sizes=\"(max-width: 800px) 100vw, 800px\" \/>\t\t\t\t\t\t\t\t\t\t\t\t\t\t\t<\/div>\n\t\t\t\t<\/div>\n\t\t\t\t<div class=\"elementor-element elementor-element-dcc6fe3 elementor-widget elementor-widget-text-editor\" data-id=\"dcc6fe3\" data-element_type=\"widget\" data-widget_type=\"text-editor.default\">\n\t\t\t\t<div class=\"elementor-widget-container\">\n\t\t\t\t\t\t\t\t\t<ol start=\"3\"><li>Elegante informal:<\/li><\/ol><p>El c\u00f3digo de vestuario informal elegante combina elementos informales y formales, lo que permite una mayor expresi\u00f3n personal sin dejar de parecer elegante. Una americana bien ajustada sobre una camisa de cuello o un polo elegante combinados con chinos o vaqueros oscuros crean un look equilibrado. El calzado puede ir desde mocasines hasta elegantes zapatillas deportivas. Este estilo es ideal para reuniones de negocios informales, cenas o reuniones sociales en las que se requiere una apariencia relajada pero refinada.<\/p>\t\t\t\t\t\t\t\t<\/div>\n\t\t\t\t<\/div>\n\t\t\t\t<div class=\"elementor-element elementor-element-ec76cb0 elementor-widget elementor-widget-text-editor\" data-id=\"ec76cb0\" data-element_type=\"widget\" data-widget_type=\"text-editor.default\">\n\t\t\t\t<div class=\"elementor-widget-container\">\n\t\t\t\t\t\t\t\t\t<ol start=\"4\"><li>Vestimenta informal:<\/li><\/ol><p>Para eventos o salidas informales, los hombres pueden optar por unos vaqueros o chinos limpios combinados con una camiseta, un polo o una camisa abotonada informal. El calzado puede incluir zapatillas limpias, mocasines o botas safari. Este atuendo es c\u00f3modo y adecuado para reuniones con amigos, salidas de fin de semana o entornos de oficina informales.<\/p>\t\t\t\t\t\t\t\t<\/div>\n\t\t\t\t<\/div>\n\t\t\t\t\t<\/div>\n\t\t<\/div>\n\t\t\t\t\t<\/div>\n\t\t<\/section>\n\t\t\t\t<\/div>\n\t\t","protected":false},"excerpt":{"rendered":"<p>La manera de vestir apropiadoa para un hombre puede variar en funci\u00f3n de la ocasi\u00f3n, pero aqu\u00ed tienes una descripci\u00f3n detallada de los distintos estilos: Traje formal: Para los actos formales, como las ocasiones de etiqueta o de corbata blanca. El hombre debe llevar un esmoquin negro, con solapa de pico o chal de raso, [&hellip;]<\/p>\n","protected":false},"author":4,"featured_media":4434,"comment_status":"open","ping_status":"open","sticky":false,"template":"","format":"standard","meta":{"footnotes":""},"categories":[28],"tags":[31,38,39,41],"class_list":["post-4422","post","type-post","status-publish","format-standard","has-post-thumbnail","hentry","category-sin-categorizar-es","tag-alessandro-giglio","tag-el-abrigo-ulster","tag-sastreria-a-medida","tag-sastreria-a-medida-madrid"],"acf":[],"yoast_head":"<!-- This site is optimized with the Yoast SEO plugin v26.2 - https:\/\/yoast.com\/wordpress\/plugins\/seo\/ -->\n<title>La Manera de Vestir Apropiadoa | Alessandro Giglio<\/title>\n<meta name=\"description\" content=\"Descubre c\u00f3mo vestir adecuadamente para cada ocasi\u00f3n. Explora estilos para eventos formales, negocios, casual elegante e informal con consejos detallados para proyectar elegancia, profesionalismo y comodidad.\" \/>\n<meta name=\"robots\" content=\"index, follow, max-snippet:-1, max-image-preview:large, max-video-preview:-1\" \/>\n<link rel=\"canonical\" href=\"https:\/\/www.alessandrogiglio.com\/es\/la-manera-de-vestir-apropiadoa\/\" \/>\n<meta property=\"og:locale\" content=\"es_ES\" \/>\n<meta property=\"og:type\" content=\"article\" \/>\n<meta property=\"og:title\" content=\"La Manera de Vestir Apropiadoa | Alessandro Giglio\" \/>\n<meta property=\"og:description\" content=\"Descubre c\u00f3mo vestir adecuadamente para cada ocasi\u00f3n. Explora estilos para eventos formales, negocios, casual elegante e informal con consejos detallados para proyectar elegancia, profesionalismo y comodidad.\" \/>\n<meta property=\"og:url\" content=\"https:\/\/www.alessandrogiglio.com\/es\/la-manera-de-vestir-apropiadoa\/\" \/>\n<meta property=\"og:site_name\" content=\"Alessandro Giglio\" \/>\n<meta property=\"article:published_time\" content=\"2025-01-15T13:04:57+00:00\" \/>\n<meta property=\"article:modified_time\" content=\"2025-01-15T13:09:59+00:00\" \/>\n<meta property=\"og:image\" content=\"https:\/\/www.alessandrogiglio.com\/wp-content\/uploads\/BZ0A8342-scaled.jpg\" \/>\n\t<meta property=\"og:image:width\" content=\"2560\" \/>\n\t<meta property=\"og:image:height\" content=\"1706\" \/>\n\t<meta property=\"og:image:type\" content=\"image\/jpeg\" \/>\n<meta name=\"author\" content=\"alessandro\" \/>\n<meta name=\"twitter:card\" content=\"summary_large_image\" \/>\n<meta name=\"twitter:label1\" content=\"Escrito por\" \/>\n\t<meta name=\"twitter:data1\" content=\"alessandro\" \/>\n\t<meta name=\"twitter:label2\" content=\"Tiempo de lectura\" \/>\n\t<meta name=\"twitter:data2\" content=\"2 minutos\" \/>\n<script type=\"application\/ld+json\" class=\"yoast-schema-graph\">{\"@context\":\"https:\/\/schema.org\",\"@graph\":[{\"@type\":\"Article\",\"@id\":\"https:\/\/www.alessandrogiglio.com\/es\/la-manera-de-vestir-apropiadoa\/#article\",\"isPartOf\":{\"@id\":\"https:\/\/www.alessandrogiglio.com\/es\/la-manera-de-vestir-apropiadoa\/\"},\"author\":{\"name\":\"alessandro\",\"@id\":\"https:\/\/www.alessandrogiglio.com\/es\/#\/schema\/person\/da13a5d6fc026032acb917dd0b0a2b5b\"},\"headline\":\"La Manera de Vestir Apropiadoa\",\"datePublished\":\"2025-01-15T13:04:57+00:00\",\"dateModified\":\"2025-01-15T13:09:59+00:00\",\"mainEntityOfPage\":{\"@id\":\"https:\/\/www.alessandrogiglio.com\/es\/la-manera-de-vestir-apropiadoa\/\"},\"wordCount\":334,\"commentCount\":0,\"publisher\":{\"@id\":\"https:\/\/www.alessandrogiglio.com\/es\/#organization\"},\"image\":{\"@id\":\"https:\/\/www.alessandrogiglio.com\/es\/la-manera-de-vestir-apropiadoa\/#primaryimage\"},\"thumbnailUrl\":\"https:\/\/www.alessandrogiglio.com\/wp-content\/uploads\/BZ0A8342-scaled.jpg\",\"keywords\":[\"alessandro giglio\",\"el abrigo ulster\",\"sastrer\u00eda a medida\",\"sastrer\u00eda a medida madrid\"],\"articleSection\":[\"Sin categorizar\"],\"inLanguage\":\"es\",\"potentialAction\":[{\"@type\":\"CommentAction\",\"name\":\"Comment\",\"target\":[\"https:\/\/www.alessandrogiglio.com\/es\/la-manera-de-vestir-apropiadoa\/#respond\"]}]},{\"@type\":\"WebPage\",\"@id\":\"https:\/\/www.alessandrogiglio.com\/es\/la-manera-de-vestir-apropiadoa\/\",\"url\":\"https:\/\/www.alessandrogiglio.com\/es\/la-manera-de-vestir-apropiadoa\/\",\"name\":\"La Manera de Vestir Apropiadoa | Alessandro Giglio\",\"isPartOf\":{\"@id\":\"https:\/\/www.alessandrogiglio.com\/es\/#website\"},\"primaryImageOfPage\":{\"@id\":\"https:\/\/www.alessandrogiglio.com\/es\/la-manera-de-vestir-apropiadoa\/#primaryimage\"},\"image\":{\"@id\":\"https:\/\/www.alessandrogiglio.com\/es\/la-manera-de-vestir-apropiadoa\/#primaryimage\"},\"thumbnailUrl\":\"https:\/\/www.alessandrogiglio.com\/wp-content\/uploads\/BZ0A8342-scaled.jpg\",\"datePublished\":\"2025-01-15T13:04:57+00:00\",\"dateModified\":\"2025-01-15T13:09:59+00:00\",\"description\":\"Descubre c\u00f3mo vestir adecuadamente para cada ocasi\u00f3n. Explora estilos para eventos formales, negocios, casual elegante e informal con consejos detallados para proyectar elegancia, profesionalismo y comodidad.\",\"breadcrumb\":{\"@id\":\"https:\/\/www.alessandrogiglio.com\/es\/la-manera-de-vestir-apropiadoa\/#breadcrumb\"},\"inLanguage\":\"es\",\"potentialAction\":[{\"@type\":\"ReadAction\",\"target\":[\"https:\/\/www.alessandrogiglio.com\/es\/la-manera-de-vestir-apropiadoa\/\"]}]},{\"@type\":\"ImageObject\",\"inLanguage\":\"es\",\"@id\":\"https:\/\/www.alessandrogiglio.com\/es\/la-manera-de-vestir-apropiadoa\/#primaryimage\",\"url\":\"https:\/\/www.alessandrogiglio.com\/wp-content\/uploads\/BZ0A8342-scaled.jpg\",\"contentUrl\":\"https:\/\/www.alessandrogiglio.com\/wp-content\/uploads\/BZ0A8342-scaled.jpg\",\"width\":2560,\"height\":1706},{\"@type\":\"BreadcrumbList\",\"@id\":\"https:\/\/www.alessandrogiglio.com\/es\/la-manera-de-vestir-apropiadoa\/#breadcrumb\",\"itemListElement\":[{\"@type\":\"ListItem\",\"position\":1,\"name\":\"Portada\",\"item\":\"https:\/\/www.alessandrogiglio.com\/es\/\"},{\"@type\":\"ListItem\",\"position\":2,\"name\":\"La Manera de Vestir Apropiadoa\"}]},{\"@type\":\"WebSite\",\"@id\":\"https:\/\/www.alessandrogiglio.com\/es\/#website\",\"url\":\"https:\/\/www.alessandrogiglio.com\/es\/\",\"name\":\"Alessandro Giglio\",\"description\":\"\",\"publisher\":{\"@id\":\"https:\/\/www.alessandrogiglio.com\/es\/#organization\"},\"alternateName\":\"Alessandro Giglio Bespoke\",\"potentialAction\":[{\"@type\":\"SearchAction\",\"target\":{\"@type\":\"EntryPoint\",\"urlTemplate\":\"https:\/\/www.alessandrogiglio.com\/es\/?s={search_term_string}\"},\"query-input\":{\"@type\":\"PropertyValueSpecification\",\"valueRequired\":true,\"valueName\":\"search_term_string\"}}],\"inLanguage\":\"es\"},{\"@type\":\"Organization\",\"@id\":\"https:\/\/www.alessandrogiglio.com\/es\/#organization\",\"name\":\"Alessandro Giglio\",\"url\":\"https:\/\/www.alessandrogiglio.com\/es\/\",\"logo\":{\"@type\":\"ImageObject\",\"inLanguage\":\"es\",\"@id\":\"https:\/\/www.alessandrogiglio.com\/es\/#\/schema\/logo\/image\/\",\"url\":\"https:\/\/www.alessandrogiglio.com\/wp-content\/uploads\/website-logo-AG.png\",\"contentUrl\":\"https:\/\/www.alessandrogiglio.com\/wp-content\/uploads\/website-logo-AG.png\",\"width\":4167,\"height\":355,\"caption\":\"Alessandro Giglio\"},\"image\":{\"@id\":\"https:\/\/www.alessandrogiglio.com\/es\/#\/schema\/logo\/image\/\"}},{\"@type\":\"Person\",\"@id\":\"https:\/\/www.alessandrogiglio.com\/es\/#\/schema\/person\/da13a5d6fc026032acb917dd0b0a2b5b\",\"name\":\"alessandro\",\"image\":{\"@type\":\"ImageObject\",\"inLanguage\":\"es\",\"@id\":\"https:\/\/www.alessandrogiglio.com\/es\/#\/schema\/person\/image\/\",\"url\":\"https:\/\/secure.gravatar.com\/avatar\/e9c7193fe8f5927b3e9653a281199fc0f05b281aef68e470950ff96dccd8edbf?s=96&d=mm&r=g\",\"contentUrl\":\"https:\/\/secure.gravatar.com\/avatar\/e9c7193fe8f5927b3e9653a281199fc0f05b281aef68e470950ff96dccd8edbf?s=96&d=mm&r=g\",\"caption\":\"alessandro\"}}]}<\/script>\n<!-- \/ Yoast SEO plugin. -->","yoast_head_json":{"title":"La Manera de Vestir Apropiadoa | Alessandro Giglio","description":"Descubre c\u00f3mo vestir adecuadamente para cada ocasi\u00f3n. Explora estilos para eventos formales, negocios, casual elegante e informal con consejos detallados para proyectar elegancia, profesionalismo y comodidad.","robots":{"index":"index","follow":"follow","max-snippet":"max-snippet:-1","max-image-preview":"max-image-preview:large","max-video-preview":"max-video-preview:-1"},"canonical":"https:\/\/www.alessandrogiglio.com\/es\/la-manera-de-vestir-apropiadoa\/","og_locale":"es_ES","og_type":"article","og_title":"La Manera de Vestir Apropiadoa | Alessandro Giglio","og_description":"Descubre c\u00f3mo vestir adecuadamente para cada ocasi\u00f3n. Explora estilos para eventos formales, negocios, casual elegante e informal con consejos detallados para proyectar elegancia, profesionalismo y comodidad.","og_url":"https:\/\/www.alessandrogiglio.com\/es\/la-manera-de-vestir-apropiadoa\/","og_site_name":"Alessandro Giglio","article_published_time":"2025-01-15T13:04:57+00:00","article_modified_time":"2025-01-15T13:09:59+00:00","og_image":[{"width":2560,"height":1706,"url":"https:\/\/www.alessandrogiglio.com\/wp-content\/uploads\/BZ0A8342-scaled.jpg","type":"image\/jpeg"}],"author":"alessandro","twitter_card":"summary_large_image","twitter_misc":{"Escrito por":"alessandro","Tiempo de lectura":"2 minutos"},"schema":{"@context":"https:\/\/schema.org","@graph":[{"@type":"Article","@id":"https:\/\/www.alessandrogiglio.com\/es\/la-manera-de-vestir-apropiadoa\/#article","isPartOf":{"@id":"https:\/\/www.alessandrogiglio.com\/es\/la-manera-de-vestir-apropiadoa\/"},"author":{"name":"alessandro","@id":"https:\/\/www.alessandrogiglio.com\/es\/#\/schema\/person\/da13a5d6fc026032acb917dd0b0a2b5b"},"headline":"La Manera de Vestir Apropiadoa","datePublished":"2025-01-15T13:04:57+00:00","dateModified":"2025-01-15T13:09:59+00:00","mainEntityOfPage":{"@id":"https:\/\/www.alessandrogiglio.com\/es\/la-manera-de-vestir-apropiadoa\/"},"wordCount":334,"commentCount":0,"publisher":{"@id":"https:\/\/www.alessandrogiglio.com\/es\/#organization"},"image":{"@id":"https:\/\/www.alessandrogiglio.com\/es\/la-manera-de-vestir-apropiadoa\/#primaryimage"},"thumbnailUrl":"https:\/\/www.alessandrogiglio.com\/wp-content\/uploads\/BZ0A8342-scaled.jpg","keywords":["alessandro giglio","el abrigo ulster","sastrer\u00eda a medida","sastrer\u00eda a medida madrid"],"articleSection":["Sin categorizar"],"inLanguage":"es","potentialAction":[{"@type":"CommentAction","name":"Comment","target":["https:\/\/www.alessandrogiglio.com\/es\/la-manera-de-vestir-apropiadoa\/#respond"]}]},{"@type":"WebPage","@id":"https:\/\/www.alessandrogiglio.com\/es\/la-manera-de-vestir-apropiadoa\/","url":"https:\/\/www.alessandrogiglio.com\/es\/la-manera-de-vestir-apropiadoa\/","name":"La Manera de Vestir Apropiadoa | Alessandro Giglio","isPartOf":{"@id":"https:\/\/www.alessandrogiglio.com\/es\/#website"},"primaryImageOfPage":{"@id":"https:\/\/www.alessandrogiglio.com\/es\/la-manera-de-vestir-apropiadoa\/#primaryimage"},"image":{"@id":"https:\/\/www.alessandrogiglio.com\/es\/la-manera-de-vestir-apropiadoa\/#primaryimage"},"thumbnailUrl":"https:\/\/www.alessandrogiglio.com\/wp-content\/uploads\/BZ0A8342-scaled.jpg","datePublished":"2025-01-15T13:04:57+00:00","dateModified":"2025-01-15T13:09:59+00:00","description":"Descubre c\u00f3mo vestir adecuadamente para cada ocasi\u00f3n. Explora estilos para eventos formales, negocios, casual elegante e informal con consejos detallados para proyectar elegancia, profesionalismo y comodidad.","breadcrumb":{"@id":"https:\/\/www.alessandrogiglio.com\/es\/la-manera-de-vestir-apropiadoa\/#breadcrumb"},"inLanguage":"es","potentialAction":[{"@type":"ReadAction","target":["https:\/\/www.alessandrogiglio.com\/es\/la-manera-de-vestir-apropiadoa\/"]}]},{"@type":"ImageObject","inLanguage":"es","@id":"https:\/\/www.alessandrogiglio.com\/es\/la-manera-de-vestir-apropiadoa\/#primaryimage","url":"https:\/\/www.alessandrogiglio.com\/wp-content\/uploads\/BZ0A8342-scaled.jpg","contentUrl":"https:\/\/www.alessandrogiglio.com\/wp-content\/uploads\/BZ0A8342-scaled.jpg","width":2560,"height":1706},{"@type":"BreadcrumbList","@id":"https:\/\/www.alessandrogiglio.com\/es\/la-manera-de-vestir-apropiadoa\/#breadcrumb","itemListElement":[{"@type":"ListItem","position":1,"name":"Portada","item":"https:\/\/www.alessandrogiglio.com\/es\/"},{"@type":"ListItem","position":2,"name":"La Manera de Vestir Apropiadoa"}]},{"@type":"WebSite","@id":"https:\/\/www.alessandrogiglio.com\/es\/#website","url":"https:\/\/www.alessandrogiglio.com\/es\/","name":"Alessandro Giglio","description":"","publisher":{"@id":"https:\/\/www.alessandrogiglio.com\/es\/#organization"},"alternateName":"Alessandro Giglio Bespoke","potentialAction":[{"@type":"SearchAction","target":{"@type":"EntryPoint","urlTemplate":"https:\/\/www.alessandrogiglio.com\/es\/?s={search_term_string}"},"query-input":{"@type":"PropertyValueSpecification","valueRequired":true,"valueName":"search_term_string"}}],"inLanguage":"es"},{"@type":"Organization","@id":"https:\/\/www.alessandrogiglio.com\/es\/#organization","name":"Alessandro Giglio","url":"https:\/\/www.alessandrogiglio.com\/es\/","logo":{"@type":"ImageObject","inLanguage":"es","@id":"https:\/\/www.alessandrogiglio.com\/es\/#\/schema\/logo\/image\/","url":"https:\/\/www.alessandrogiglio.com\/wp-content\/uploads\/website-logo-AG.png","contentUrl":"https:\/\/www.alessandrogiglio.com\/wp-content\/uploads\/website-logo-AG.png","width":4167,"height":355,"caption":"Alessandro Giglio"},"image":{"@id":"https:\/\/www.alessandrogiglio.com\/es\/#\/schema\/logo\/image\/"}},{"@type":"Person","@id":"https:\/\/www.alessandrogiglio.com\/es\/#\/schema\/person\/da13a5d6fc026032acb917dd0b0a2b5b","name":"alessandro","image":{"@type":"ImageObject","inLanguage":"es","@id":"https:\/\/www.alessandrogiglio.com\/es\/#\/schema\/person\/image\/","url":"https:\/\/secure.gravatar.com\/avatar\/e9c7193fe8f5927b3e9653a281199fc0f05b281aef68e470950ff96dccd8edbf?s=96&d=mm&r=g","contentUrl":"https:\/\/secure.gravatar.com\/avatar\/e9c7193fe8f5927b3e9653a281199fc0f05b281aef68e470950ff96dccd8edbf?s=96&d=mm&r=g","caption":"alessandro"}}]}},"_links":{"self":[{"href":"https:\/\/www.alessandrogiglio.com\/es\/wp-json\/wp\/v2\/posts\/4422","targetHints":{"allow":["GET"]}}],"collection":[{"href":"https:\/\/www.alessandrogiglio.com\/es\/wp-json\/wp\/v2\/posts"}],"about":[{"href":"https:\/\/www.alessandrogiglio.com\/es\/wp-json\/wp\/v2\/types\/post"}],"author":[{"embeddable":true,"href":"https:\/\/www.alessandrogiglio.com\/es\/wp-json\/wp\/v2\/users\/4"}],"replies":[{"embeddable":true,"href":"https:\/\/www.alessandrogiglio.com\/es\/wp-json\/wp\/v2\/comments?post=4422"}],"version-history":[{"count":6,"href":"https:\/\/www.alessandrogiglio.com\/es\/wp-json\/wp\/v2\/posts\/4422\/revisions"}],"predecessor-version":[{"id":4452,"href":"https:\/\/www.alessandrogiglio.com\/es\/wp-json\/wp\/v2\/posts\/4422\/revisions\/4452"}],"wp:featuredmedia":[{"embeddable":true,"href":"https:\/\/www.alessandrogiglio.com\/es\/wp-json\/wp\/v2\/media\/4434"}],"wp:attachment":[{"href":"https:\/\/www.alessandrogiglio.com\/es\/wp-json\/wp\/v2\/media?parent=4422"}],"wp:term":[{"taxonomy":"category","embeddable":true,"href":"https:\/\/www.alessandrogiglio.com\/es\/wp-json\/wp\/v2\/categories?post=4422"},{"taxonomy":"post_tag","embeddable":true,"href":"https:\/\/www.alessandrogiglio.com\/es\/wp-json\/wp\/v2\/tags?post=4422"}],"curies":[{"name":"wp","href":"https:\/\/api.w.org\/{rel}","templated":true}]}}